{"id":112,"date":"2019-08-09T10:01:50","date_gmt":"2019-08-09T08:01:50","guid":{"rendered":"http:\/\/www.cardiosecours.fr\/blog\/?p=112"},"modified":"2019-09-18T16:13:35","modified_gmt":"2019-09-18T14:13:35","slug":"les-francais-bien-formes-aux-gestes-de-premiers-secours-pas-si-sur","status":"publish","type":"post","link":"https:\/\/www.cardiosecours.fr\/blog\/2019\/08\/09\/les-francais-bien-formes-aux-gestes-de-premiers-secours-pas-si-sur\/","title":{"rendered":"Les fran\u00e7ais, bien form\u00e9s aux gestes de premiers secours ? Pas si s\u00fbr\u2026"},"content":{"rendered":"\n<p>Selon la Croix Rouge, 47% des personnes en France sont <a href=\"https:\/\/www.cardiosecours.fr\/fr\/content\/9-formations-defibrillation\"><strong>form\u00e9s aux gestes qui sauvent<\/strong><\/a>. Un retard consid\u00e9rable face \u00e0 nos voisins europ\u00e9ens&nbsp;: dans les pays Scandinaves, ce chiffre d\u00e9passe les 80%. Ces gestes, simples \u00e0 ex\u00e9cuter mais pourtant m\u00e9connus par la moiti\u00e9 des fran\u00e7ais, permettent de r\u00e9agir face \u00e0 une h\u00e9morragie, un <a href=\"https:\/\/www.cardiosecours.fr\/fr\/content\/13-arret-cardiaque\"><strong>arr\u00eat cardiaque<\/strong><\/a>, une personne inconsciente mais permettent surtout de <strong>mieux anticiper l\u2019urgence<\/strong>.<\/p>\n\n\n\n<div style=\"height:32px\" aria-hidden=\"true\" class=\"wp-block-spacer\"><\/div>\n\n\n\n<h2 class=\"wp-block-heading\">Des mesures pour contrer ces chiffres<\/h2>\n\n\n\n<p>Face \u00e0 ce constat, des mesures ont \u00e9t\u00e9 annonc\u00e9es pour la rentr\u00e9e 2016 :<\/p>\n\n\n\n<p>&gt; Le renforcement de la sensibilisation du grand public, via la t\u00e9l\u00e9vision, la radio et l\u2019affichage. Cette campagne est lanc\u00e9e par les Sapeurs-pompiers de France, la Croix-Rouge fran\u00e7aise et la Protection Civile. Le principal objectif est d\u2019encourager le grand public &nbsp;\u00e0 s\u2019informer et \u00e0 se former aux comportements qui sauvent.<br>&gt; La sensibilisation de 100% des \u00e9l\u00e8ves de 3\u00e8me&nbsp;aux gestes qui sauvent d\u2019ici la fin de l\u2019ann\u00e9e scolaire et la formation de 50% d\u2019entre eux aux gestes de premiers secours en 2017 (contre 30% actuellement).<\/p>\n\n\n\n<div style=\"height:32px\" aria-hidden=\"true\" class=\"wp-block-spacer\"><\/div>\n\n\n\n<h2 class=\"wp-block-heading\">Une hausse des demandes suite \u00e0 la vague d\u2019attentats<\/h2>\n\n\n\n<p>Avec les attentats survenus ces 2 derni\u00e8res ann\u00e9es, l\u2019int\u00e9r\u00eat des fran\u00e7ais pour les <a href=\"https:\/\/www.cardiosecours.fr\/fr\/content\/9-formations-defibrillation\"><strong>gestes de premiers secours<\/strong><\/a> s\u2019est accru&nbsp;: on observe une recrudescence de 10% des demandes de formations au PSC1 (Pr\u00e9vention et secours civiques de niveau 1, une formation de huit heures).<\/p>\n\n\n\n<p>Si vous <strong>former aux gestes qui sauvent<\/strong> vous int\u00e9resse, il existe plusieurs organismes qui dispensent ces formations aupr\u00e8s desquels vous pouvez vous renseigner, comme l&rsquo;Union des Sapeurs-Pompiers ou la Croix-Rouge fran\u00e7aise. De plus, v\u00e9rifiez que vous n&rsquo;avez pas la possibilit\u00e9 de passer ces formations avec votre entreprise.<\/p>\n","protected":false},"excerpt":{"rendered":"<p>Selon la Croix Rouge, 47% des personnes en France sont form\u00e9s aux gestes qui sauvent. Un retard consid\u00e9rable face \u00e0 nos voisins europ\u00e9ens&nbsp;: dans les pays Scandinaves, ce chiffre d\u00e9passe les 80%. Ces gestes, simples \u00e0 ex\u00e9cuter mais pourtant m\u00e9connus par la moiti\u00e9 des fran\u00e7ais, permettent de r\u00e9agir face \u00e0 une h\u00e9morragie, un arr\u00eat cardiaque, [&hellip;]<\/p>\n","protected":false},"author":1,"featured_media":283,"comment_status":"open","ping_status":"open","sticky":false,"template":"","format":"standard","meta":{"_et_pb_use_builder":"off","_et_pb_old_content":"","_et_gb_content_width":"","footnotes":""},"categories":[1],"tags":[],"class_list":["post-112","post","type-post","status-publish","format-standard","has-post-thumbnail","hentry","category-non-classe"],"yoast_head":"<!-- This site is optimized with the Yoast SEO plugin v27.2 - https:\/\/yoast.com\/product\/yoast-seo-wordpress\/ -->\n<title>Les fran\u00e7ais, bien form\u00e9s aux gestes de premiers secours ? Pas si s\u00fbr\u2026 - Cardiosecours - Blog<\/title>\n<meta name=\"description\" content=\"Etes-vous form\u00e9s aux gestes de premier secours pour assister une personne victime d&#039;un arr\u00eat cardiaque ? Anticipez et formez-vous \u00e0 l&#039;utilisation de d\u00e9fibrillateur d\u00e8s maintenant avec Cardiosecours pour sauver des vies !\" \/>\n<meta name=\"robots\" content=\"index, follow, max-snippet:-1, max-image-preview:large, max-video-preview:-1\" \/>\n<link rel=\"canonical\" href=\"https:\/\/www.cardiosecours.fr\/blog\/2019\/08\/09\/les-francais-bien-formes-aux-gestes-de-premiers-secours-pas-si-sur\/\" \/>\n<meta property=\"og:locale\" content=\"fr_FR\" \/>\n<meta property=\"og:type\" content=\"article\" \/>\n<meta property=\"og:title\" content=\"Les fran\u00e7ais, bien form\u00e9s aux gestes de premiers secours ? Pas si s\u00fbr\u2026 - Cardiosecours - Blog\" \/>\n<meta property=\"og:description\" content=\"Etes-vous form\u00e9s aux gestes de premier secours pour assister une personne victime d&#039;un arr\u00eat cardiaque ? Anticipez et formez-vous \u00e0 l&#039;utilisation de d\u00e9fibrillateur d\u00e8s maintenant avec Cardiosecours pour sauver des vies !\" \/>\n<meta property=\"og:url\" content=\"https:\/\/www.cardiosecours.fr\/blog\/2019\/08\/09\/les-francais-bien-formes-aux-gestes-de-premiers-secours-pas-si-sur\/\" \/>\n<meta property=\"og:site_name\" content=\"Cardiosecours - Blog\" \/>\n<meta property=\"article:published_time\" content=\"2019-08-09T08:01:50+00:00\" \/>\n<meta property=\"article:modified_time\" content=\"2019-09-18T14:13:35+00:00\" \/>\n<meta property=\"og:image\" content=\"https:\/\/www.cardiosecours.fr\/blog\/wp-content\/uploads\/2019\/08\/formations-secourisme-1.jpg\" \/>\n\t<meta property=\"og:image:width\" content=\"800\" \/>\n\t<meta property=\"og:image:height\" content=\"500\" \/>\n\t<meta property=\"og:image:type\" content=\"image\/jpeg\" \/>\n<meta name=\"author\" content=\"edi@altais.fr\" \/>\n<meta name=\"twitter:card\" content=\"summary_large_image\" \/>\n<meta name=\"twitter:label1\" content=\"\u00c9crit par\" \/>\n\t<meta name=\"twitter:data1\" content=\"edi@altais.fr\" \/>\n\t<meta name=\"twitter:label2\" content=\"Dur\u00e9e de lecture estim\u00e9e\" \/>\n\t<meta name=\"twitter:data2\" content=\"1 minute\" \/>\n<script type=\"application\/ld+json\" class=\"yoast-schema-graph\">{\"@context\":\"https:\/\/schema.org\",\"@graph\":[{\"@type\":\"Article\",\"@id\":\"https:\/\/www.cardiosecours.fr\/blog\/2019\/08\/09\/les-francais-bien-formes-aux-gestes-de-premiers-secours-pas-si-sur\/#article\",\"isPartOf\":{\"@id\":\"https:\/\/www.cardiosecours.fr\/blog\/2019\/08\/09\/les-francais-bien-formes-aux-gestes-de-premiers-secours-pas-si-sur\/\"},\"author\":{\"name\":\"edi@altais.fr\",\"@id\":\"https:\/\/www.cardiosecours.fr\/blog\/#\/schema\/person\/b2df09ee52aa049b4c6874ee5fa41c74\"},\"headline\":\"Les fran\u00e7ais, bien form\u00e9s aux gestes de premiers secours ? Pas si s\u00fbr\u2026\",\"datePublished\":\"2019-08-09T08:01:50+00:00\",\"dateModified\":\"2019-09-18T14:13:35+00:00\",\"mainEntityOfPage\":{\"@id\":\"https:\/\/www.cardiosecours.fr\/blog\/2019\/08\/09\/les-francais-bien-formes-aux-gestes-de-premiers-secours-pas-si-sur\/\"},\"wordCount\":309,\"commentCount\":0,\"image\":{\"@id\":\"https:\/\/www.cardiosecours.fr\/blog\/2019\/08\/09\/les-francais-bien-formes-aux-gestes-de-premiers-secours-pas-si-sur\/#primaryimage\"},\"thumbnailUrl\":\"https:\/\/www.cardiosecours.fr\/blog\/wp-content\/uploads\/2019\/08\/formations-secourisme-1.jpg\",\"inLanguage\":\"fr-FR\"},{\"@type\":\"WebPage\",\"@id\":\"https:\/\/www.cardiosecours.fr\/blog\/2019\/08\/09\/les-francais-bien-formes-aux-gestes-de-premiers-secours-pas-si-sur\/\",\"url\":\"https:\/\/www.cardiosecours.fr\/blog\/2019\/08\/09\/les-francais-bien-formes-aux-gestes-de-premiers-secours-pas-si-sur\/\",\"name\":\"Les fran\u00e7ais, bien form\u00e9s aux gestes de premiers secours ? Pas si s\u00fbr\u2026 - Cardiosecours - Blog\",\"isPartOf\":{\"@id\":\"https:\/\/www.cardiosecours.fr\/blog\/#website\"},\"primaryImageOfPage\":{\"@id\":\"https:\/\/www.cardiosecours.fr\/blog\/2019\/08\/09\/les-francais-bien-formes-aux-gestes-de-premiers-secours-pas-si-sur\/#primaryimage\"},\"image\":{\"@id\":\"https:\/\/www.cardiosecours.fr\/blog\/2019\/08\/09\/les-francais-bien-formes-aux-gestes-de-premiers-secours-pas-si-sur\/#primaryimage\"},\"thumbnailUrl\":\"https:\/\/www.cardiosecours.fr\/blog\/wp-content\/uploads\/2019\/08\/formations-secourisme-1.jpg\",\"datePublished\":\"2019-08-09T08:01:50+00:00\",\"dateModified\":\"2019-09-18T14:13:35+00:00\",\"author\":{\"@id\":\"https:\/\/www.cardiosecours.fr\/blog\/#\/schema\/person\/b2df09ee52aa049b4c6874ee5fa41c74\"},\"description\":\"Etes-vous form\u00e9s aux gestes de premier secours pour assister une personne victime d'un arr\u00eat cardiaque ? Anticipez et formez-vous \u00e0 l'utilisation de d\u00e9fibrillateur d\u00e8s maintenant avec Cardiosecours pour sauver des vies !\",\"breadcrumb\":{\"@id\":\"https:\/\/www.cardiosecours.fr\/blog\/2019\/08\/09\/les-francais-bien-formes-aux-gestes-de-premiers-secours-pas-si-sur\/#breadcrumb\"},\"inLanguage\":\"fr-FR\",\"potentialAction\":[{\"@type\":\"ReadAction\",\"target\":[\"https:\/\/www.cardiosecours.fr\/blog\/2019\/08\/09\/les-francais-bien-formes-aux-gestes-de-premiers-secours-pas-si-sur\/\"]}]},{\"@type\":\"ImageObject\",\"inLanguage\":\"fr-FR\",\"@id\":\"https:\/\/www.cardiosecours.fr\/blog\/2019\/08\/09\/les-francais-bien-formes-aux-gestes-de-premiers-secours-pas-si-sur\/#primaryimage\",\"url\":\"https:\/\/www.cardiosecours.fr\/blog\/wp-content\/uploads\/2019\/08\/formations-secourisme-1.jpg\",\"contentUrl\":\"https:\/\/www.cardiosecours.fr\/blog\/wp-content\/uploads\/2019\/08\/formations-secourisme-1.jpg\",\"width\":800,\"height\":500,\"caption\":\"Se former aux gestes qui sauvent en cas d'arr\u00eat cardiaque\"},{\"@type\":\"BreadcrumbList\",\"@id\":\"https:\/\/www.cardiosecours.fr\/blog\/2019\/08\/09\/les-francais-bien-formes-aux-gestes-de-premiers-secours-pas-si-sur\/#breadcrumb\",\"itemListElement\":[{\"@type\":\"ListItem\",\"position\":1,\"name\":\"Accueil\",\"item\":\"https:\/\/www.cardiosecours.fr\/blog\/\"},{\"@type\":\"ListItem\",\"position\":2,\"name\":\"Les fran\u00e7ais, bien form\u00e9s aux gestes de premiers secours ? Pas si s\u00fbr\u2026\"}]},{\"@type\":\"WebSite\",\"@id\":\"https:\/\/www.cardiosecours.fr\/blog\/#website\",\"url\":\"https:\/\/www.cardiosecours.fr\/blog\/\",\"name\":\"Cardiosecours - Blog\",\"description\":\"Actualit\u00e9s sur la d\u00e9fibrillation avec CardioSecours\",\"potentialAction\":[{\"@type\":\"SearchAction\",\"target\":{\"@type\":\"EntryPoint\",\"urlTemplate\":\"https:\/\/www.cardiosecours.fr\/blog\/?s={search_term_string}\"},\"query-input\":{\"@type\":\"PropertyValueSpecification\",\"valueRequired\":true,\"valueName\":\"search_term_string\"}}],\"inLanguage\":\"fr-FR\"},{\"@type\":\"Person\",\"@id\":\"https:\/\/www.cardiosecours.fr\/blog\/#\/schema\/person\/b2df09ee52aa049b4c6874ee5fa41c74\",\"name\":\"edi@altais.fr\",\"image\":{\"@type\":\"ImageObject\",\"inLanguage\":\"fr-FR\",\"@id\":\"https:\/\/secure.gravatar.com\/avatar\/cab57135637fe69d80df1cd517d1b8b6b2c378f35457259aad7dd43d5971d6fe?s=96&d=mm&r=g\",\"url\":\"https:\/\/secure.gravatar.com\/avatar\/cab57135637fe69d80df1cd517d1b8b6b2c378f35457259aad7dd43d5971d6fe?s=96&d=mm&r=g\",\"contentUrl\":\"https:\/\/secure.gravatar.com\/avatar\/cab57135637fe69d80df1cd517d1b8b6b2c378f35457259aad7dd43d5971d6fe?s=96&d=mm&r=g\",\"caption\":\"edi@altais.fr\"},\"url\":\"https:\/\/www.cardiosecours.fr\/blog\/author\/edialtais-fr\/\"}]}<\/script>\n<!-- \/ Yoast SEO plugin. -->","yoast_head_json":{"title":"Les fran\u00e7ais, bien form\u00e9s aux gestes de premiers secours ? Pas si s\u00fbr\u2026 - Cardiosecours - Blog","description":"Etes-vous form\u00e9s aux gestes de premier secours pour assister une personne victime d'un arr\u00eat cardiaque ? Anticipez et formez-vous \u00e0 l'utilisation de d\u00e9fibrillateur d\u00e8s maintenant avec Cardiosecours pour sauver des vies !","robots":{"index":"index","follow":"follow","max-snippet":"max-snippet:-1","max-image-preview":"max-image-preview:large","max-video-preview":"max-video-preview:-1"},"canonical":"https:\/\/www.cardiosecours.fr\/blog\/2019\/08\/09\/les-francais-bien-formes-aux-gestes-de-premiers-secours-pas-si-sur\/","og_locale":"fr_FR","og_type":"article","og_title":"Les fran\u00e7ais, bien form\u00e9s aux gestes de premiers secours ? Pas si s\u00fbr\u2026 - Cardiosecours - Blog","og_description":"Etes-vous form\u00e9s aux gestes de premier secours pour assister une personne victime d'un arr\u00eat cardiaque ? Anticipez et formez-vous \u00e0 l'utilisation de d\u00e9fibrillateur d\u00e8s maintenant avec Cardiosecours pour sauver des vies !","og_url":"https:\/\/www.cardiosecours.fr\/blog\/2019\/08\/09\/les-francais-bien-formes-aux-gestes-de-premiers-secours-pas-si-sur\/","og_site_name":"Cardiosecours - Blog","article_published_time":"2019-08-09T08:01:50+00:00","article_modified_time":"2019-09-18T14:13:35+00:00","og_image":[{"width":800,"height":500,"url":"https:\/\/www.cardiosecours.fr\/blog\/wp-content\/uploads\/2019\/08\/formations-secourisme-1.jpg","type":"image\/jpeg"}],"author":"edi@altais.fr","twitter_card":"summary_large_image","twitter_misc":{"\u00c9crit par":"edi@altais.fr","Dur\u00e9e de lecture estim\u00e9e":"1 minute"},"schema":{"@context":"https:\/\/schema.org","@graph":[{"@type":"Article","@id":"https:\/\/www.cardiosecours.fr\/blog\/2019\/08\/09\/les-francais-bien-formes-aux-gestes-de-premiers-secours-pas-si-sur\/#article","isPartOf":{"@id":"https:\/\/www.cardiosecours.fr\/blog\/2019\/08\/09\/les-francais-bien-formes-aux-gestes-de-premiers-secours-pas-si-sur\/"},"author":{"name":"edi@altais.fr","@id":"https:\/\/www.cardiosecours.fr\/blog\/#\/schema\/person\/b2df09ee52aa049b4c6874ee5fa41c74"},"headline":"Les fran\u00e7ais, bien form\u00e9s aux gestes de premiers secours ? Pas si s\u00fbr\u2026","datePublished":"2019-08-09T08:01:50+00:00","dateModified":"2019-09-18T14:13:35+00:00","mainEntityOfPage":{"@id":"https:\/\/www.cardiosecours.fr\/blog\/2019\/08\/09\/les-francais-bien-formes-aux-gestes-de-premiers-secours-pas-si-sur\/"},"wordCount":309,"commentCount":0,"image":{"@id":"https:\/\/www.cardiosecours.fr\/blog\/2019\/08\/09\/les-francais-bien-formes-aux-gestes-de-premiers-secours-pas-si-sur\/#primaryimage"},"thumbnailUrl":"https:\/\/www.cardiosecours.fr\/blog\/wp-content\/uploads\/2019\/08\/formations-secourisme-1.jpg","inLanguage":"fr-FR"},{"@type":"WebPage","@id":"https:\/\/www.cardiosecours.fr\/blog\/2019\/08\/09\/les-francais-bien-formes-aux-gestes-de-premiers-secours-pas-si-sur\/","url":"https:\/\/www.cardiosecours.fr\/blog\/2019\/08\/09\/les-francais-bien-formes-aux-gestes-de-premiers-secours-pas-si-sur\/","name":"Les fran\u00e7ais, bien form\u00e9s aux gestes de premiers secours ? Pas si s\u00fbr\u2026 - Cardiosecours - Blog","isPartOf":{"@id":"https:\/\/www.cardiosecours.fr\/blog\/#website"},"primaryImageOfPage":{"@id":"https:\/\/www.cardiosecours.fr\/blog\/2019\/08\/09\/les-francais-bien-formes-aux-gestes-de-premiers-secours-pas-si-sur\/#primaryimage"},"image":{"@id":"https:\/\/www.cardiosecours.fr\/blog\/2019\/08\/09\/les-francais-bien-formes-aux-gestes-de-premiers-secours-pas-si-sur\/#primaryimage"},"thumbnailUrl":"https:\/\/www.cardiosecours.fr\/blog\/wp-content\/uploads\/2019\/08\/formations-secourisme-1.jpg","datePublished":"2019-08-09T08:01:50+00:00","dateModified":"2019-09-18T14:13:35+00:00","author":{"@id":"https:\/\/www.cardiosecours.fr\/blog\/#\/schema\/person\/b2df09ee52aa049b4c6874ee5fa41c74"},"description":"Etes-vous form\u00e9s aux gestes de premier secours pour assister une personne victime d'un arr\u00eat cardiaque ? Anticipez et formez-vous \u00e0 l'utilisation de d\u00e9fibrillateur d\u00e8s maintenant avec Cardiosecours pour sauver des vies !","breadcrumb":{"@id":"https:\/\/www.cardiosecours.fr\/blog\/2019\/08\/09\/les-francais-bien-formes-aux-gestes-de-premiers-secours-pas-si-sur\/#breadcrumb"},"inLanguage":"fr-FR","potentialAction":[{"@type":"ReadAction","target":["https:\/\/www.cardiosecours.fr\/blog\/2019\/08\/09\/les-francais-bien-formes-aux-gestes-de-premiers-secours-pas-si-sur\/"]}]},{"@type":"ImageObject","inLanguage":"fr-FR","@id":"https:\/\/www.cardiosecours.fr\/blog\/2019\/08\/09\/les-francais-bien-formes-aux-gestes-de-premiers-secours-pas-si-sur\/#primaryimage","url":"https:\/\/www.cardiosecours.fr\/blog\/wp-content\/uploads\/2019\/08\/formations-secourisme-1.jpg","contentUrl":"https:\/\/www.cardiosecours.fr\/blog\/wp-content\/uploads\/2019\/08\/formations-secourisme-1.jpg","width":800,"height":500,"caption":"Se former aux gestes qui sauvent en cas d'arr\u00eat cardiaque"},{"@type":"BreadcrumbList","@id":"https:\/\/www.cardiosecours.fr\/blog\/2019\/08\/09\/les-francais-bien-formes-aux-gestes-de-premiers-secours-pas-si-sur\/#breadcrumb","itemListElement":[{"@type":"ListItem","position":1,"name":"Accueil","item":"https:\/\/www.cardiosecours.fr\/blog\/"},{"@type":"ListItem","position":2,"name":"Les fran\u00e7ais, bien form\u00e9s aux gestes de premiers secours ? Pas si s\u00fbr\u2026"}]},{"@type":"WebSite","@id":"https:\/\/www.cardiosecours.fr\/blog\/#website","url":"https:\/\/www.cardiosecours.fr\/blog\/","name":"Cardiosecours - Blog","description":"Actualit\u00e9s sur la d\u00e9fibrillation avec CardioSecours","potentialAction":[{"@type":"SearchAction","target":{"@type":"EntryPoint","urlTemplate":"https:\/\/www.cardiosecours.fr\/blog\/?s={search_term_string}"},"query-input":{"@type":"PropertyValueSpecification","valueRequired":true,"valueName":"search_term_string"}}],"inLanguage":"fr-FR"},{"@type":"Person","@id":"https:\/\/www.cardiosecours.fr\/blog\/#\/schema\/person\/b2df09ee52aa049b4c6874ee5fa41c74","name":"edi@altais.fr","image":{"@type":"ImageObject","inLanguage":"fr-FR","@id":"https:\/\/secure.gravatar.com\/avatar\/cab57135637fe69d80df1cd517d1b8b6b2c378f35457259aad7dd43d5971d6fe?s=96&d=mm&r=g","url":"https:\/\/secure.gravatar.com\/avatar\/cab57135637fe69d80df1cd517d1b8b6b2c378f35457259aad7dd43d5971d6fe?s=96&d=mm&r=g","contentUrl":"https:\/\/secure.gravatar.com\/avatar\/cab57135637fe69d80df1cd517d1b8b6b2c378f35457259aad7dd43d5971d6fe?s=96&d=mm&r=g","caption":"edi@altais.fr"},"url":"https:\/\/www.cardiosecours.fr\/blog\/author\/edialtais-fr\/"}]}},"_links":{"self":[{"href":"https:\/\/www.cardiosecours.fr\/blog\/wp-json\/wp\/v2\/posts\/112","targetHints":{"allow":["GET"]}}],"collection":[{"href":"https:\/\/www.cardiosecours.fr\/blog\/wp-json\/wp\/v2\/posts"}],"about":[{"href":"https:\/\/www.cardiosecours.fr\/blog\/wp-json\/wp\/v2\/types\/post"}],"author":[{"embeddable":true,"href":"https:\/\/www.cardiosecours.fr\/blog\/wp-json\/wp\/v2\/users\/1"}],"replies":[{"embeddable":true,"href":"https:\/\/www.cardiosecours.fr\/blog\/wp-json\/wp\/v2\/comments?post=112"}],"version-history":[{"count":10,"href":"https:\/\/www.cardiosecours.fr\/blog\/wp-json\/wp\/v2\/posts\/112\/revisions"}],"predecessor-version":[{"id":340,"href":"https:\/\/www.cardiosecours.fr\/blog\/wp-json\/wp\/v2\/posts\/112\/revisions\/340"}],"wp:featuredmedia":[{"embeddable":true,"href":"https:\/\/www.cardiosecours.fr\/blog\/wp-json\/wp\/v2\/media\/283"}],"wp:attachment":[{"href":"https:\/\/www.cardiosecours.fr\/blog\/wp-json\/wp\/v2\/media?parent=112"}],"wp:term":[{"taxonomy":"category","embeddable":true,"href":"https:\/\/www.cardiosecours.fr\/blog\/wp-json\/wp\/v2\/categories?post=112"},{"taxonomy":"post_tag","embeddable":true,"href":"https:\/\/www.cardiosecours.fr\/blog\/wp-json\/wp\/v2\/tags?post=112"}],"curies":[{"name":"wp","href":"https:\/\/api.w.org\/{rel}","templated":true}]}}